{"id":1045,"date":"2019-07-03T18:23:30","date_gmt":"2019-07-03T18:23:30","guid":{"rendered":"http:\/\/www.centromedicosanjoseweb.com\/?p=1045"},"modified":"2021-01-03T20:19:21","modified_gmt":"2021-01-03T20:19:21","slug":"plan-de-ortodoncia-sabado-13-de-julio","status":"publish","type":"post","link":"https:\/\/www.centromedicomariquina.cl\/index.php\/2019\/07\/03\/plan-de-ortodoncia-sabado-13-de-julio\/","title":{"rendered":"Plan de Ortodoncia"},"content":{"rendered":"\n<figure class=\"wp-block-image\"><img loading=\"lazy\" decoding=\"async\" width=\"640\" height=\"300\" src=\"http:\/\/www.centromedicosanjoseweb.com\/wp-content\/uploads\/2019\/06\/7-fases-ortodoncia-640x300.jpg\" alt=\"\" class=\"wp-image-874\" srcset=\"https:\/\/www.centromedicomariquina.cl\/wp-content\/uploads\/2019\/06\/7-fases-ortodoncia-640x300.jpg 640w, https:\/\/www.centromedicomariquina.cl\/wp-content\/uploads\/2019\/06\/7-fases-ortodoncia-640x300-300x141.jpg 300w\" sizes=\"auto, (max-width: 640px) 100vw, 640px\" \/><\/figure>\n\n\n\n<p>\u203c\ufe0f&nbsp;PROGRAMA FRENILLOS CENTRO MEDICO Y ODONTOLOGICO SAN JOSE, VALORES ASOCIADOS&nbsp;\ud83d\ude37\u203c\ufe0f\ud83e\uddb7<\/p>\n\n\n\n<p>Estimados usuarios,  la evaluaci\u00f3n dental previa a ortodoncia tiene un valor de 5.000 pesos, con ello se eval\u00faa la salud de tus dientes y si es necesario realizar alg\u00fan tratamiento previo como limpieza, tapaduras, fluorizaci\u00f3n o aplicaci\u00f3n de sellantes que es lo que se requiere para poder instalar frenillos. es importante destacar que para poder optar a este tratamiento tu salud dental debe estar en \u00f3ptimas condiciones. <\/p>\n\n\n\n<p> El tratamiento de frenillos en s\u00ed vale lo siguiente:<\/p>\n\n\n\n<p> Estudio cl\u00ednico, (incluye consulta con ortodoncista, toma de fotograf\u00edas,) 40 mil. con ello la ortodoncista junto a las radiograf\u00edas que previamente debes tomar y el molde realizar\u00e1 un modelo de tu dentadura para realizar la instalaci\u00f3n. <\/p>\n\n\n\n<p>La instalaci\u00f3n en s\u00ed tiene un valor de 180 mil para brackets met\u00e1licos y 310 mil para cer\u00e1micos, y se podr\u00eda realizar en una o dos sesiones. <\/p>\n\n\n\n<p>Los controles mensuales valen 40 mil para brackets met\u00e1licos y 50 mil para cer\u00e1micos. El retiro de los aparatos  vale 160 mil, la cantidad de controles mensuales va a depender de cada caso y pueden ser entre 12 a 24 aproximadamente, vale decir entre uno a dos a\u00f1os.   Luego en la etapa de contenci\u00f3n los controles tienen un valor de 25 mil, lo normal son dos a 4 controles finales.<\/p>\n\n\n\n<figure class=\"wp-block-image size-large\"><img loading=\"lazy\" decoding=\"async\" width=\"725\" height=\"483\" src=\"https:\/\/www.centromedicomariquina.cl\/wp-content\/uploads\/2020\/01\/odonto.png\" alt=\"\" class=\"wp-image-1123\" srcset=\"https:\/\/www.centromedicomariquina.cl\/wp-content\/uploads\/2020\/01\/odonto.png 725w, https:\/\/www.centromedicomariquina.cl\/wp-content\/uploads\/2020\/01\/odonto-300x200.png 300w\" sizes=\"auto, (max-width: 725px) 100vw, 725px\" \/><\/figure>\n\n\n\n<p>Les recordamos que contamos con sistema de pago transbank, por lo que puedes pagar con tarjetas de cr\u00e9dito y d\u00e9bito bancarias y de casas comerciales, as\u00ed mismo aceptamos efectivo, respecto a los valores m\u00e1s elevados damos facilidades en caso que no puedas pagar todo junto.<\/p>\n\n\n\n<p>Cualquier duda nos puedes llamar al telefono fijo 632451010, escribirnos un mensaje, o visitarnos en nuestras dependencias en calle Padre Pl\u00e1cido 141, frente a la Escuela Valle de Mariquina a pasos de la plaza.<\/p>\n\n\n\n<p>1 de 1 resultados para &#8220;brackets&#8221;Cerrar<a href=\"https:\/\/www.facebook.com\/messages\/search\/t\/xeliitha.carmela?qa=brackets#\"><\/a><a href=\"https:\/\/www.facebook.com\/messages\/search\/t\/xeliitha.carmela?qa=brackets#\"><\/a><a href=\"https:\/\/www.facebook.com\/messages\/search\/t\/xeliitha.carmela?qa=brackets#\"><\/a><a href=\"https:\/\/www.facebook.com\/messages\/search\/t\/xeliitha.carmela?qa=brackets#\"><\/a><a href=\"https:\/\/www.facebook.com\/messages\/search\/t\/xeliitha.carmela?qa=brackets#\"><\/a><br><\/p>\n\n\n\n<figure class=\"wp-block-image is-resized\"><img loading=\"lazy\" decoding=\"async\" src=\"http:\/\/www.centromedicosanjoseweb.com\/wp-content\/uploads\/2019\/06\/foto-ortodoncia-ninos-2.jpg\" alt=\"\" class=\"wp-image-875\" width=\"375\" height=\"250\" srcset=\"https:\/\/www.centromedicomariquina.cl\/wp-content\/uploads\/2019\/06\/foto-ortodoncia-ninos-2.jpg 750w, https:\/\/www.centromedicomariquina.cl\/wp-content\/uploads\/2019\/06\/foto-ortodoncia-ninos-2-300x200.jpg 300w\" sizes=\"auto, (max-width: 375px) 100vw, 375px\" \/><\/figure>\n","protected":false},"excerpt":{"rendered":"<p>\u203c\ufe0f&nbsp;PROGRAMA FRENILLOS CENTRO MEDICO Y ODONTOLOGICO SAN JOSE, VALORES ASOCIADOS&nbsp;\ud83d\ude37\u203c\ufe0f\ud83e\uddb7 Estimados usuarios, la evaluaci\u00f3n dental previa a ortodoncia tiene un valor de 5.000 pesos, con ello se eval\u00faa la salud de tus dientes y si es necesario realizar alg\u00fan tratamiento previo como limpieza, tapaduras, fluorizaci\u00f3n o aplicaci\u00f3n de sellantes que es lo que se requiere [&hellip;]<\/p>\n","protected":false},"author":4,"featured_media":0,"comment_status":"closed","ping_status":"closed","sticky":false,"template":"","format":"standard","meta":{"spay_email":"","footnotes":""},"categories":[7],"tags":[],"class_list":["post-1045","post","type-post","status-publish","format-standard","hentry","category-noti"],"jetpack_featured_media_url":"","yoast_head":"<!-- This site is optimized with the Yoast SEO plugin v14.4.1 - https:\/\/yoast.com\/wordpress\/plugins\/seo\/ -->\n<title>Plan de Ortodoncia - Centro M\u00e9dico y Odontol\u00f3gico San Jos\u00e9<\/title>\n<meta name=\"robots\" content=\"index, follow\" \/>\n<meta name=\"googlebot\" content=\"index, follow, max-snippet:-1, max-image-preview:large, max-video-preview:-1\" \/>\n<meta name=\"bingbot\" content=\"index, follow, max-snippet:-1, max-image-preview:large, max-video-preview:-1\" \/>\n<link rel=\"canonical\" href=\"http:\/\/www.centromedicomariquina.cl\/index.php\/2019\/07\/03\/plan-de-ortodoncia-sabado-13-de-julio\/\" \/>\n<meta property=\"og:locale\" content=\"es_ES\" \/>\n<meta property=\"og:type\" content=\"article\" \/>\n<meta property=\"og:title\" content=\"PLAN DE ORTODONCIA\" \/>\n<meta property=\"og:description\" content=\"Programa frenillos Centro M\u00e9dico y Odontol\u00f3gico San Jos\u00e9.\" \/>\n<meta property=\"og:url\" content=\"http:\/\/www.centromedicomariquina.cl\/index.php\/2019\/07\/03\/plan-de-ortodoncia-sabado-13-de-julio\/\" \/>\n<meta property=\"og:site_name\" content=\"Centro M\u00e9dico y Odontol\u00f3gico San Jos\u00e9\" \/>\n<meta property=\"article:published_time\" content=\"2019-07-03T18:23:30+00:00\" \/>\n<meta property=\"article:modified_time\" content=\"2021-01-03T20:19:21+00:00\" \/>\n<meta property=\"og:image\" content=\"https:\/\/www.centromedicomariquina.cl\/wp-content\/uploads\/2019\/07\/odonto.png\" \/>\n\t<meta property=\"og:image:width\" content=\"725\" \/>\n\t<meta property=\"og:image:height\" content=\"483\" \/>\n<meta name=\"twitter:card\" content=\"summary_large_image\" \/>\n<script type=\"application\/ld+json\" class=\"yoast-schema-graph\">{\"@context\":\"https:\/\/schema.org\",\"@graph\":[{\"@type\":\"WebSite\",\"@id\":\"https:\/\/www.centromedicomariquina.cl\/#website\",\"url\":\"https:\/\/www.centromedicomariquina.cl\/\",\"name\":\"Centro M\\u00e9dico y Odontol\\u00f3gico San Jos\\u00e9\",\"description\":\"\",\"potentialAction\":[{\"@type\":\"SearchAction\",\"target\":\"https:\/\/www.centromedicomariquina.cl\/?s={search_term_string}\",\"query-input\":\"required name=search_term_string\"}],\"inLanguage\":\"es-CL\"},{\"@type\":\"ImageObject\",\"@id\":\"http:\/\/www.centromedicomariquina.cl\/index.php\/2019\/07\/03\/plan-de-ortodoncia-sabado-13-de-julio\/#primaryimage\",\"inLanguage\":\"es-CL\",\"url\":\"http:\/\/www.centromedicosanjoseweb.com\/wp-content\/uploads\/2019\/06\/7-fases-ortodoncia-640x300.jpg\"},{\"@type\":\"WebPage\",\"@id\":\"http:\/\/www.centromedicomariquina.cl\/index.php\/2019\/07\/03\/plan-de-ortodoncia-sabado-13-de-julio\/#webpage\",\"url\":\"http:\/\/www.centromedicomariquina.cl\/index.php\/2019\/07\/03\/plan-de-ortodoncia-sabado-13-de-julio\/\",\"name\":\"Plan de Ortodoncia - Centro M\\u00e9dico y Odontol\\u00f3gico San Jos\\u00e9\",\"isPartOf\":{\"@id\":\"https:\/\/www.centromedicomariquina.cl\/#website\"},\"primaryImageOfPage\":{\"@id\":\"http:\/\/www.centromedicomariquina.cl\/index.php\/2019\/07\/03\/plan-de-ortodoncia-sabado-13-de-julio\/#primaryimage\"},\"datePublished\":\"2019-07-03T18:23:30+00:00\",\"dateModified\":\"2021-01-03T20:19:21+00:00\",\"author\":{\"@id\":\"https:\/\/www.centromedicomariquina.cl\/#\/schema\/person\/2e8488cab592884906aab7cfe9f22040\"},\"inLanguage\":\"es-CL\",\"potentialAction\":[{\"@type\":\"ReadAction\",\"target\":[\"http:\/\/www.centromedicomariquina.cl\/index.php\/2019\/07\/03\/plan-de-ortodoncia-sabado-13-de-julio\/\"]}]},{\"@type\":[\"Person\"],\"@id\":\"https:\/\/www.centromedicomariquina.cl\/#\/schema\/person\/2e8488cab592884906aab7cfe9f22040\",\"name\":\"Gerencia Centro M\\u00e9dico San Jos\\u00e9\",\"image\":{\"@type\":\"ImageObject\",\"@id\":\"https:\/\/www.centromedicomariquina.cl\/#personlogo\",\"inLanguage\":\"es-CL\",\"url\":\"https:\/\/secure.gravatar.com\/avatar\/35e08a7ca5463728023e66be4632d33036a81c5597cddfc550a33ba3ecacaec9?s=96&d=mm&r=g\",\"caption\":\"Gerencia Centro M\\u00e9dico San Jos\\u00e9\"}}]}<\/script>\n<!-- \/ Yoast SEO plugin. -->","jetpack_shortlink":"https:\/\/wp.me\/pb2D0S-gR","jetpack_sharing_enabled":true,"_links":{"self":[{"href":"https:\/\/www.centromedicomariquina.cl\/index.php\/wp-json\/wp\/v2\/posts\/1045","targetHints":{"allow":["GET"]}}],"collection":[{"href":"https:\/\/www.centromedicomariquina.cl\/index.php\/wp-json\/wp\/v2\/posts"}],"about":[{"href":"https:\/\/www.centromedicomariquina.cl\/index.php\/wp-json\/wp\/v2\/types\/post"}],"author":[{"embeddable":true,"href":"https:\/\/www.centromedicomariquina.cl\/index.php\/wp-json\/wp\/v2\/users\/4"}],"replies":[{"embeddable":true,"href":"https:\/\/www.centromedicomariquina.cl\/index.php\/wp-json\/wp\/v2\/comments?post=1045"}],"version-history":[{"count":11,"href":"https:\/\/www.centromedicomariquina.cl\/index.php\/wp-json\/wp\/v2\/posts\/1045\/revisions"}],"predecessor-version":[{"id":1124,"href":"https:\/\/www.centromedicomariquina.cl\/index.php\/wp-json\/wp\/v2\/posts\/1045\/revisions\/1124"}],"wp:attachment":[{"href":"https:\/\/www.centromedicomariquina.cl\/index.php\/wp-json\/wp\/v2\/media?parent=1045"}],"wp:term":[{"taxonomy":"category","embeddable":true,"href":"https:\/\/www.centromedicomariquina.cl\/index.php\/wp-json\/wp\/v2\/categories?post=1045"},{"taxonomy":"post_tag","embeddable":true,"href":"https:\/\/www.centromedicomariquina.cl\/index.php\/wp-json\/wp\/v2\/tags?post=1045"}],"curies":[{"name":"wp","href":"https:\/\/api.w.org\/{rel}","templated":true}]}}